[{"@context":"https:\/\/schema.org\/","@type":"Article","@id":"https:\/\/www.kampra.cz\/sada-na-kliceni\/#Article","mainEntityOfPage":"https:\/\/www.kampra.cz\/sada-na-kliceni\/","headline":"Sada na kl\u00ed\u010den\u00ed","name":"Sada na kl\u00ed\u010den\u00ed","description":"Na\u0161e skv\u011bl\u00e1 sada na kl\u00ed\u010den\u00ed se v\u00e1m bude opravdu moc l\u00edbit, tak o tomhle v\u0161em pop\u0159em\u00fd\u0161lejte a rozhodn\u011b to ud\u011blejte co nejrychleji a bude to","datePublished":"2018-09-20","dateModified":"2018-09-20","author":{"@type":"Person","@id":"https:\/\/www.kampra.cz\/author\/devene\/#Person","name":"devene","url":"https:\/\/www.kampra.cz\/author\/devene\/","identifier":1,"image":{"@type":"ImageObject","@id":"https:\/\/secure.gravatar.com\/avatar\/e32c915fa5b274a4469e3ef5c1f9837e76577a60613858c5c8a74a3de98e33bc?s=96&d=mm&r=g","url":"https:\/\/secure.gravatar.com\/avatar\/e32c915fa5b274a4469e3ef5c1f9837e76577a60613858c5c8a74a3de98e33bc?s=96&d=mm&r=g","height":96,"width":96}},"publisher":{"@type":"Organization","name":"kampra.cz","logo":{"@type":"ImageObject","@id":"\/logo.png","url":"\/logo.png","width":600,"height":60}},"image":{"@type":"ImageObject","@id":"https:\/\/www.kampra.cz\/wp-content\/uploads\/img_a326601_w1706_t1538730470.jpg","url":"https:\/\/www.kampra.cz\/wp-content\/uploads\/img_a326601_w1706_t1538730470.jpg","height":0,"width":0},"url":"https:\/\/www.kampra.cz\/sada-na-kliceni\/","about":["Nakupov\u00e1n\u00ed"],"wordCount":442,"articleBody":"  Na\u0161e skv\u011bl\u00e1 sada na kl\u00ed\u010den\u00ed se v\u00e1m bude opravdu moc l\u00edbit, tak o tomhle v\u0161em pop\u0159em\u00fd\u0161lejte a rozhodn\u011b to ud\u011blejte co nejrychleji a bude to pro v\u00e1s to prav\u00e9 o\u0159echov\u00e9. D\u00edky tomu tohle v\u0161echno bude jednouch\u00e9 a bude to pro v\u00e1s opravdu snadn\u00e9, proto\u017ee s t\u00edmhle to zvl\u00e1dne ka\u017ed\u00fd, to si pi\u0161te. Tohle prost\u011b bude skv\u011bl\u00e9 a naprosto ide\u00e1ln\u00ed, tak o tomhle v\u0161em pop\u0159em\u00fd\u0161lejte a rozhodn\u011bte se pro tento krok, d\u00edky kter\u00e9mu ud\u011bl\u00e1te to spr\u00e1vn\u00e9 rozhodnut\u00ed. Tohle bude i skv\u011bl\u00fd n\u00e1pad na d\u00e1rek.  V\u011bt\u0161ina lid\u00ed tohle m\u00e1 r\u00e1da, proto\u017ee se jim tohle v\u0161echno l\u00edb\u00ed sledovat. Je to kr\u00e1sn\u00e9, jak sem\u00ednka kl\u00ed\u010d\u00ed, nejen, \u017ee to vypad\u00e1 dob\u0159e a i s n\u00e1dobou je tohle v\u0161echno opravdu dobr\u00e9, ale na druhou stranu je to i pro v\u00e1s ide\u00e1ln\u00ed \u0159e\u0161en\u00ed v tom, \u017ee tohle v\u0161echno bude pro v\u00e1s opravdu luxusn\u00ed. Vyberte si z na\u0161\u00ed nab\u00eddky cokoliv, co budete cht\u00edt a budete spokojen\u00ed. Ur\u010dit\u011b si vyberte tohle v\u0161echno je\u0161t\u011b hned dneska a objednejte si tohle v\u0161echno opravdu co nejrychleji a uvid\u00edte sami, jak tohle dopadne. Budete spokojen\u00ed, proto\u017ee sada na kl\u00ed\u010den\u00ed rozhodn\u011b spln\u00ed v\u0161echno, co od toho \u010dek\u00e1te.  Prvot\u0159\u00eddn\u00ed kvalita U n\u00e1s si m\u016f\u017eete b\u00fdt jisti t\u00edm, \u017ee my v\u00e1m budeme nab\u00edzet opravdu vysokou kvalitu, tak\u017ee to bude pro v\u00e1s v\u0161echno opravdu skv\u011bl\u00e9 a naprosto ide\u00e1ln\u00ed \u0159e\u0161en\u00ed. Bude se v\u00e1m tohle v\u0161echno moc l\u00edbit, proto\u017ee to opravdu snad ani jinak tohle nejde. Ur\u010dit\u011b se rozhodn\u011bte spr\u00e1vn\u011b je\u0161t\u011b hned dneska a uvid\u00edte sami, jak tohle v\u0161echno dopadne. Budete opravdu nad\u0161en\u00ed a spokojen\u00ed, to je jasn\u00e9. Vyberte si cokoliv budete cht\u00edt a my v\u00e1m to v\u0161echno dok\u00e1\u017eeme splnit, to si pi\u0161te. Ud\u011bl\u00e1me pro v\u00e1s opravdu v\u0161echno, tak\u017ee se nebojte a bude to prost\u011b skv\u011bl\u00e9. V\u0161echno tohle bude pro v\u00e1s opravdu skv\u011bl\u00e9 \u0159e\u0161en\u00ed, tak\u017ee se nebojte a rozhodn\u011bte se opravdu co nejrychleji. Bude to prost\u011b spr\u00e1vn\u00e1 volba. Nejen, \u017ee to bude vypadat dob\u0159e, kdy\u017e to budete m\u00edt n\u011bkde postaven na parapetu a podobn\u011b, ale na druhou stranu to m\u016f\u017eete vyu\u017e\u00edt i v kuchyni a p\u0159idat to kamkoliv budete cht\u00edt.                                                                                                                                                                                                                                                                                                                                                                                           3.4\/5 - (5 votes)        "},{"@context":"https:\/\/schema.org\/","@type":"BreadcrumbList","itemListElement":[{"@type":"ListItem","position":1,"name":"Sada na kl\u00ed\u010den\u00ed","item":"https:\/\/www.kampra.cz\/sada-na-kliceni\/#breadcrumbitem"}]}]