[{"@context":"https:\/\/schema.org\/","@type":"Article","@id":"https:\/\/www.kampra.cz\/pozor-na-vztahy\/#Article","mainEntityOfPage":"https:\/\/www.kampra.cz\/pozor-na-vztahy\/","headline":"Pozor na vztahy","name":"Pozor na vztahy","description":"Kdybych se v\u00e1s zeptala na rodinn\u00e9 vztahy, tak jak by to asi vypadalo? M\u011bli byste dobr\u00e9 rodinn\u00e9 vztahy anebo by v\u00e1m to tam sk\u0159\u00edpalo? Mnoho","datePublished":"2024-02-28","dateModified":"2024-02-28","author":{"@type":"Person","@id":"https:\/\/www.kampra.cz\/author\/devene\/#Person","name":"devene","url":"https:\/\/www.kampra.cz\/author\/devene\/","identifier":1,"image":{"@type":"ImageObject","@id":"https:\/\/secure.gravatar.com\/avatar\/e32c915fa5b274a4469e3ef5c1f9837e76577a60613858c5c8a74a3de98e33bc?s=96&d=mm&r=g","url":"https:\/\/secure.gravatar.com\/avatar\/e32c915fa5b274a4469e3ef5c1f9837e76577a60613858c5c8a74a3de98e33bc?s=96&d=mm&r=g","height":96,"width":96}},"publisher":{"@type":"Organization","name":"kampra.cz","logo":{"@type":"ImageObject","@id":"\/logo.png","url":"\/logo.png","width":600,"height":60}},"image":{"@type":"ImageObject","@id":"https:\/\/www.kampra.cz\/wp-content\/uploads\/female-3692944_960_720_1.jpg","url":"https:\/\/www.kampra.cz\/wp-content\/uploads\/female-3692944_960_720_1.jpg","height":0,"width":0},"url":"https:\/\/www.kampra.cz\/pozor-na-vztahy\/","about":["Vztahy"],"wordCount":413,"articleBody":"Kdybych se v\u00e1s zeptala na rodinn\u00e9 vztahy, tak jak by to asi vypadalo? M\u011bli byste dobr\u00e9 rodinn\u00e9 vztahy anebo by v\u00e1m to tam sk\u0159\u00edpalo? Mnoho lid\u00ed m\u00e1 takov\u00e9 rodinn\u00e9 vztahy, \u017ee jim to tam sk\u0159\u00edpe anebo si tak\u00e9 v\u016fbec nerozum\u00ed. A kdy\u017e si dva\u00a0lid\u00e9 nerozum\u00ed, tak je to podle m\u00e9ho n\u00e1zoru opravdu velik\u00e1 \u0161koda, proto\u017ee kdy\u017e si lid\u00e9 nerozum\u00ed, tak to potom dopad\u00e1 opravdu velice \u0161patn\u011b. N\u011bkdy m\u011b to opravdu tak hodn\u011b mrz\u00ed, \u017ee si \u0159\u00edk\u00e1m, \u017ee by bylo nejlep\u0161\u00ed, kdyby v\u017edycky lid\u00e9 se udob\u0159ili. Ve v\u011bt\u0161in\u011b p\u0159\u00edpad\u016f se lid\u00e9 udob\u0159uj\u00ed, t\u0159eba kdy\u017e jsou V\u00e1noce anebo kdy\u017e m\u00e1 n\u011bkdo narozeniny anebo dokonce u\u017e i na poh\u0159bu. A dozv\u011bd\u011bla jsem se, \u017ee smutek vlastn\u011b lidi spojuje. Mysl\u00edm si, \u017ee by to sp\u00ed\u0161e m\u011blo b\u00fdt naopak, \u017ee radost a \u0161t\u011bst\u00ed a l\u00e1ska, aby lidi spojovala. Jenom\u017ee kdy\u017e se t\u0159eba lid\u00e9 usm\u00ed\u0159\u00ed na poh\u0159bu, tak budi\u017e. Alespo\u0148 t\u0159eba bude v rodin\u011b klid a budou zase rodinn\u00e9 vztahy opravdu v pohod\u011b. Proto\u017ee mn\u011b se tohle tak\u00e9 stalo, a ne jenom jednou, ale i v\u00edcekr\u00e1t. Kdy\u017e potom zem\u0159ela moje prateta a prababi\u010dka, tak jsem se potom tak\u00e9 usm\u00ed\u0159ila se svou sestrou a se sv\u00fdm bratrem. My v\u0161ichni t\u0159i\u00a0jsme spolu soupe\u0159ili snad u\u017e od puberty a n\u011bjak n\u00e1m to v\u016fbec nesedlo a byli jsme v\u011bt\u0161inu \u010dasu rozh\u00e1dan\u00ed.Byli jsme rozh\u00e1dan\u00ed, dokonce i n\u011bkolik let. A proto jsem si \u0159ekla, \u017ee nejlep\u0161\u00ed by bylo, kdyby lid\u00e9 se v\u016fbec neh\u00e1dali a aby si sp\u00ed\u0161e vy\u0161li vst\u0159\u00edc. Jenom\u017ee n\u011bkte\u0159\u00ed lid\u00e9 si vst\u0159\u00edc v\u016fbec nep\u0159ijdou a rad\u011bji se budou h\u00e1dat anebo maj\u00ed ura\u017een\u00e9 ego. To je potom opravdu velice slo\u017eit\u00e9 a tak\u00e9 hlavn\u011b n\u00e1ro\u010dn\u00e9, aby se vztahy v rodin\u011b udob\u0159ili. Ale abych se nebavila jenom o vztaz\u00edch v rodin\u011b, je d\u016fle\u017eit\u00e9, abyste m\u011bli tak\u00e9 opravdu dobr\u00e9 vztahy na pracovi\u0161ti. Proto\u017ee kdy\u017e na pracovi\u0161ti vl\u00e1dnou opravdu \u0161patn\u00e9 vztahy, tak je to potom tak\u00e9 smutn\u00e9, proto\u017ee lid\u00e9 potom nev\u00ed, kam d\u0159\u00edv \u0161l\u00e1pnout anebo co d\u011blat. Jenom hlavn\u011b, aby byly dobr\u00e9 pracovn\u00ed vztahy. N\u011bkdy to dopad\u00e1 opravdu hrozn\u011b a tak\u00e9 smutn\u011b.\u00a0                                                                                                                                                                                                                                                                                                                                                                                        4.4\/5 - (8 votes)        "},{"@context":"https:\/\/schema.org\/","@type":"BreadcrumbList","itemListElement":[{"@type":"ListItem","position":1,"name":"Pozor na vztahy","item":"https:\/\/www.kampra.cz\/pozor-na-vztahy\/#breadcrumbitem"}]}]