[{"@context":"https:\/\/schema.org\/","@type":"Article","@id":"https:\/\/www.kampra.cz\/obleceni-pro-nejmensi\/#Article","mainEntityOfPage":"https:\/\/www.kampra.cz\/obleceni-pro-nejmensi\/","headline":"Oble\u010den\u00ed pro nejmen\u0161\u00ed","name":"Oble\u010den\u00ed pro nejmen\u0161\u00ed","description":"\u00a0 Popt\u00e1v\u00e1te moment\u00e1ln\u011b velkoobchod d\u011btsk\u00e9 oble\u010den\u00ed, kter\u00fd v\u00e1m nab\u00eddne kvalitn\u00ed outlet zbo\u017e\u00ed za super ceny? Hled\u00e1te textil, kter\u00fd bude z pohodln\u00fdch materi\u00e1l\u016f? Textil pro na\u0161e","datePublished":"2024-03-26","dateModified":"2024-03-26","author":{"@type":"Person","@id":"https:\/\/www.kampra.cz\/author\/devene\/#Person","name":"devene","url":"https:\/\/www.kampra.cz\/author\/devene\/","identifier":1,"image":{"@type":"ImageObject","@id":"https:\/\/secure.gravatar.com\/avatar\/e32c915fa5b274a4469e3ef5c1f9837e76577a60613858c5c8a74a3de98e33bc?s=96&d=mm&r=g","url":"https:\/\/secure.gravatar.com\/avatar\/e32c915fa5b274a4469e3ef5c1f9837e76577a60613858c5c8a74a3de98e33bc?s=96&d=mm&r=g","height":96,"width":96}},"publisher":{"@type":"Organization","name":"kampra.cz","logo":{"@type":"ImageObject","@id":"\/logo.png","url":"\/logo.png","width":600,"height":60}},"url":"https:\/\/www.kampra.cz\/obleceni-pro-nejmensi\/","wordCount":237,"articleBody":"\u00a0Popt\u00e1v\u00e1te moment\u00e1ln\u011b velkoobchod d\u011btsk\u00e9 oble\u010den\u00ed, kter\u00fd v\u00e1m nab\u00eddne kvalitn\u00ed outlet zbo\u017e\u00ed za super ceny? Hled\u00e1te textil, kter\u00fd bude z pohodln\u00fdch materi\u00e1l\u016f? Textil pro na\u0161e nejmen\u0161\u00ed, kter\u00fd bude m\u00edt zaj\u00edmav\u00fd design, bude modern\u00ed a bude m\u00edt dlouhou \u017eivotnost? U\u017e nehledejte a rovnou si vyberte zbo\u017e\u00ed od zna\u010dky wolf. Nab\u00edz\u00edme v\u00e1m tri\u010dka, tepl\u00e1ky, mikiny, t\u00edlka, bundy, py\u017eama, pono\u017eky, spodn\u00ed pr\u00e1dlo a mnoho, mnoho dal\u0161\u00edho. U n\u00e1s si vybere i ten nejn\u00e1ro\u010dn\u011bj\u0161\u00ed z\u00e1kazn\u00edk. Nab\u00edz\u00edme v\u00e1m mnoho v\u00fdhod, kter\u00e9 se v\u00e1m zkr\u00e1tka vyplat\u00ed.\u00a0Mnoho v\u00fdhod\u00a0U n\u00e1s nakoup\u00edte za bezkonkuren\u010dn\u011b nejni\u017e\u0161\u00ed ceny na trhu. Dopravu v\u00e1m nebudeme po\u010d\u00edtat. M\u00e1te ji od n\u00e1s zcela zdarma. Spolehnout se m\u016f\u017eete na vst\u0159\u00edcn\u00fd p\u0159\u00edstup a rychl\u00e9 dod\u00e1n\u00ed. Nebojte se dlouh\u00e9 \u010dekac\u00ed doby. Va\u0161e zbo\u017e\u00ed bude u v\u00e1s t\u00e9m\u011b\u0159 okam\u017eit\u011b. D\u00e1le v na\u0161em eshopu nakoup\u00edte textil pro p\u00e1ny i pro d\u00e1my, lo\u017en\u00ed soupravy a tak\u00e9 textil pro nadm\u011brn\u00e9 velikosti. V\u0161e v t\u00e9 nejvy\u0161\u0161\u00ed kvalit\u011b, na kterou se budete moci spolehnout. Nakupujte chyt\u0159e a z\u00e1sobte sv\u016fj butik t\u00edm nejlep\u0161\u00edm zbo\u017e\u00edm. Va\u0161i z\u00e1kazn\u00edci to jist\u011b ocen\u00ed.                                                                                                                                                                                                                                                                                                                                                                                        3.7\/5 - (6 votes)        "},{"@context":"https:\/\/schema.org\/","@type":"BreadcrumbList","itemListElement":[{"@type":"ListItem","position":1,"name":"Oble\u010den\u00ed pro nejmen\u0161\u00ed","item":"https:\/\/www.kampra.cz\/obleceni-pro-nejmensi\/#breadcrumbitem"}]}]