[{"@context":"https:\/\/schema.org\/","@type":"Article","@id":"https:\/\/www.kampra.cz\/na-zkusenou-ven\/#Article","mainEntityOfPage":"https:\/\/www.kampra.cz\/na-zkusenou-ven\/","headline":"Na zku\u0161enou ven","name":"Na zku\u0161enou ven","description":"Ti, kdo maj\u00ed dobrodru\u017en\u00e9ho ducha a maj\u00ed pocit, \u017ee v\u00a0\u010cech\u00e1ch u\u017e je nic nov\u00e9ho ne\u010dek\u00e1 a maj\u00ed zde skon\u010denou a\u0165 u\u017e st\u0159edo\u0161kolskou nebo vysoko\u0161kolskou formu","datePublished":"2018-09-22","dateModified":"2018-09-22","author":{"@type":"Person","@id":"https:\/\/www.kampra.cz\/author\/devene\/#Person","name":"devene","url":"https:\/\/www.kampra.cz\/author\/devene\/","identifier":1,"image":{"@type":"ImageObject","@id":"https:\/\/secure.gravatar.com\/avatar\/e32c915fa5b274a4469e3ef5c1f9837e76577a60613858c5c8a74a3de98e33bc?s=96&d=mm&r=g","url":"https:\/\/secure.gravatar.com\/avatar\/e32c915fa5b274a4469e3ef5c1f9837e76577a60613858c5c8a74a3de98e33bc?s=96&d=mm&r=g","height":96,"width":96}},"publisher":{"@type":"Organization","name":"kampra.cz","logo":{"@type":"ImageObject","@id":"\/logo.png","url":"\/logo.png","width":600,"height":60}},"image":{"@type":"ImageObject","@id":"https:\/\/www.kampra.cz\/wp-content\/uploads\/img_a324706_w2493_t1536652307.jpg","url":"https:\/\/www.kampra.cz\/wp-content\/uploads\/img_a324706_w2493_t1536652307.jpg","height":0,"width":0},"url":"https:\/\/www.kampra.cz\/na-zkusenou-ven\/","wordCount":404,"articleBody":"Ti, kdo maj\u00ed dobrodru\u017en\u00e9ho ducha a maj\u00ed pocit, \u017ee v\u00a0\u010cech\u00e1ch u\u017e je nic nov\u00e9ho ne\u010dek\u00e1 a maj\u00ed zde skon\u010denou a\u0165 u\u017e st\u0159edo\u0161kolskou nebo vysoko\u0161kolskou formu studia, zkou\u0161\u00ed se poohl\u00ed\u017eet po mo\u017enostech studia v\u00a0zahrani\u010d\u00ed.Pokud se ob\u00e1v\u00e1te, \u017ee byste to sami na vlastn\u00ed p\u011bst nezvl\u00e1dli, je zde pro v\u00e1s program Erasmus, kter\u00fd vznikl pro ty, kte\u0159\u00ed se cht\u011bj\u00ed vzd\u011bl\u00e1vat na n\u011bkter\u00e9 z\u00a0vysok\u00fdch \u0161kol v\u00a0r\u00e1mci Evropy. Krom\u011b st\u00e1t\u016f n\u00e1le\u017eej\u00edc\u00edch do spole\u010denstv\u00ed Evropsk\u00e9 unie je mo\u017en\u00e9 studovat i ve \u0160v\u00fdcarsku nebo Norsku. Na studium se mohou p\u0159ihl\u00e1sit nejen studenti, ale i u\u010ditel\u00e9 samotn\u00ed. Tuto formu zahrani\u010dn\u00edho studia nab\u00edz\u00ed vysok\u00e9 \u0161koly, ale nejen ty, tuto slu\u017ebu poskytuj\u00ed i vy\u0161\u0161\u00ed odborn\u00e9 \u0161koly. Ka\u017ed\u00e1 z\u00a0nich je v\u00a0kontaktu s\u00a0n\u011bkterou ze zahrani\u010dn\u00edch univerzit a vyb\u00edr\u00e1 nov\u00e9 studenty dle sv\u00fdch po\u017eadavk\u016f, kter\u00e9 se mohou li\u0161it. Spole\u010dn\u00fdmi jmenovateli p\u0159i v\u00fdb\u011bru je samoz\u0159ejm\u011b prosp\u011bch, d\u016fvod, pro\u010d studovat v\u00a0zahrani\u010d\u00ed a samoz\u0159ejm\u011b tak\u00e9 stupe\u0148 znalosti dan\u00e9ho jazyka. K\u00a0samotn\u00e9mu v\u00fdb\u011bru pak \u0161koly p\u0159istupuj\u00ed ka\u017edoro\u010dn\u011b po\u010d\u00e1tkem m\u011bs\u00edce b\u0159ezna.Forem studia prost\u0159ednictv\u00edm Erasmu je n\u011bkolik, od n\u011bkolika t\u00fddenn\u00edch kurz\u016f studia konkr\u00e9tn\u00edho ciz\u00edho jazyk, p\u0159ed st\u00e1\u017ee \u010di dlouhodob\u00e9 studijn\u00ed pobyty.Pro ty, co maj\u00ed opravdu dobr\u00fd prosp\u011bch, existuje podpora ve form\u011b stipendi\u00ed, kter\u00e9 poskytuj\u00ed univerzity nebo nada\u010dn\u00ed fondy. Podrobn\u011bj\u0161\u00ed informace pak z\u00e1jemc\u016fm poskytne Ministerstvo \u0161kolstv\u00ed.Pokud nem\u00e1te dostate\u010dn\u011b dobr\u00fd prosp\u011bch k\u00a0ud\u011blen\u00ed stipendia, m\u016f\u017eete zkusit studovat mimo \u010cechy samy, podm\u00ednky budete m\u00edt stejn\u00e9, jako m\u00edstn\u00ed studuj\u00edc\u00ed, tedy pokud se na \u0161kole nehrad\u00ed \u0161koln\u00e9, nebude vy\u017eadov\u00e1no ani po v\u00e1s, i kdy\u017e jste zahrani\u010dn\u00ed student. V\u00a0r\u00e1mci st\u00e1t\u016f Evropsk\u00e9 unie nemus\u00edte m\u00edt ani studentsk\u00e9 v\u00edzum, pokud budete p\u0159ijati, sta\u010d\u00ed to pouze sd\u011blit na \u00fa\u0159adu p\u0159\u00edslu\u0161n\u00e9ho st\u00e1tu. Po\u010d\u00edtat v\u0161ak mus\u00edte s\u00a0t\u00edm, \u017ee pap\u00edrov\u00e1n\u00ed kolem toho bude n\u00e1ro\u010dn\u011bj\u0161\u00ed, poohl\u00e9dnout se budete muset i po ubytovac\u00edch prostor\u00e1ch.                                                                                                                                                                                                                                                                                                                                                                                        3.7\/5 - (4 votes)        "},{"@context":"https:\/\/schema.org\/","@type":"BreadcrumbList","itemListElement":[{"@type":"ListItem","position":1,"name":"Na zku\u0161enou ven","item":"https:\/\/www.kampra.cz\/na-zkusenou-ven\/#breadcrumbitem"}]}]