[{"@context":"https:\/\/schema.org\/","@type":"Article","@id":"https:\/\/www.kampra.cz\/motorkarska-svatba\/#Article","mainEntityOfPage":"https:\/\/www.kampra.cz\/motorkarska-svatba\/","headline":"Motork\u00e1\u0159sk\u00e1 svatba","name":"Motork\u00e1\u0159sk\u00e1 svatba","description":"V\u00a0dne\u0161n\u00ed dob\u011b je mo\u017en\u00e9 setkat se opravdu se v\u0161\u00edm. Dokonce i s\u00a0motork\u00e1\u0159skou svatbou. Je mnoho nad\u0161enc\u016f motorek, kte\u0159\u00ed si najdou \u017eenu, kter\u00e1 je tak\u00e9 bl\u00e1zen","datePublished":"2021-09-28","dateModified":"2021-09-28","author":{"@type":"Person","@id":"https:\/\/www.kampra.cz\/author\/devene\/#Person","name":"devene","url":"https:\/\/www.kampra.cz\/author\/devene\/","identifier":1,"image":{"@type":"ImageObject","@id":"https:\/\/secure.gravatar.com\/avatar\/e32c915fa5b274a4469e3ef5c1f9837e76577a60613858c5c8a74a3de98e33bc?s=96&d=mm&r=g","url":"https:\/\/secure.gravatar.com\/avatar\/e32c915fa5b274a4469e3ef5c1f9837e76577a60613858c5c8a74a3de98e33bc?s=96&d=mm&r=g","height":96,"width":96}},"publisher":{"@type":"Organization","name":"kampra.cz","logo":{"@type":"ImageObject","@id":"\/logo.png","url":"\/logo.png","width":600,"height":60}},"image":{"@type":"ImageObject","@id":"https:\/\/www.kampra.cz\/wp-content\/uploads\/motork%C3%A1%C5%99sk%C3%BD%20p%C3%A1r.png","url":"https:\/\/www.kampra.cz\/wp-content\/uploads\/motork%C3%A1%C5%99sk%C3%BD%20p%C3%A1r.png","height":0,"width":0},"url":"https:\/\/www.kampra.cz\/motorkarska-svatba\/","about":["Moto"],"wordCount":453,"articleBody":"V\u00a0dne\u0161n\u00ed dob\u011b je mo\u017en\u00e9 setkat se opravdu se v\u0161\u00edm. Dokonce i s\u00a0motork\u00e1\u0159skou svatbou. Je mnoho nad\u0161enc\u016f motorek, kte\u0159\u00ed si najdou \u017eenu, kter\u00e1 je tak\u00e9 bl\u00e1zen do motorek a ve v\u00fdsledku z\u00a0toho m\u016f\u017ee b\u00fdt to, \u017ee budou m\u00edt motork\u00e1\u0159skou svatbu, na kter\u00e9 bude ve tvaru motorky dokonce i svatebn\u00ed dort.Dnes se d\u00e1 za\u0159\u00eddit mnoho v\u011bc\u00ed a to zejm\u00e9na, pokud m\u00e1te po ruce n\u011bkoho \u0161ikovn\u00e9ho, kdo by v\u00e1m byl ochoten pomoci v\u0161e za\u0159\u00eddit tak, aby v\u00e1m ve v\u00e1\u0161 svatebn\u00ed den nic nechyb\u011blo.\u00a0Takov\u00e1 motork\u00e1\u0159sk\u00e1 svatba m\u016f\u017ee b\u00fdt velmi dobr\u00fdm n\u00e1padem. Je mnoho skv\u011bl\u00fdch v\u011bc\u00ed, kter\u00e9 by se krom\u011b dortu ve tvaru motorky daly za\u0159\u00eddit. Ur\u010dit\u011b by bylo mo\u017en\u00e9 ud\u011blat i jin\u00e9 dobroty ve tvaru motorek nebo na n\u011b alespo\u0148 oplatku ve tvaru motorky d\u00e1t.Dokonce i takov\u00e1 v\u00fdzdoba by se mohla n\u00e9st v\u00a0motork\u00e1\u0159sk\u00e9m duchu. Je jasn\u00e9, \u017ee pro motork\u00e1\u0159e je typick\u00e1 barva \u010dern\u00e1. Aby to ale nevypadalo a\u017e p\u0159\u00edli\u0161 smutn\u011b, bylo by dobr\u00e9 danou barvu zkombinovat a to nap\u0159\u00edklad s\u00a0barvou b\u00edlou. V\u0161e m\u016f\u017ee b\u00fdt perfektn\u011b slad\u011bno.Je mo\u017en\u00e9 dokonce za\u0159\u00eddit i to, \u017ee nev\u011bsta i \u017eenich p\u0159ijedou na svatbu na motork\u00e1ch. V\u0161e je dnes mo\u017en\u00e9 za\u0159\u00eddit. V\u0161e je zejm\u00e9na o tom, co v\u0161echno byste na va\u0161\u00ed svatb\u011b cht\u011bli a o \u010dem si mysl\u00edte, \u017ee by mohlo dob\u0159e p\u016fsobit.\u00a0\u010clov\u011bk toho m\u016f\u017ee za\u0159\u00eddit je\u0161t\u011b mnohem v\u00edce. Jist\u011b by takovou svatbu p\u0159\u00edznivci motorek velmi ocenili, proto\u017ee se to jen tak nevid\u00ed.Existuj\u00ed lid\u00e9, kte\u0159\u00ed se pro n\u011bco takov\u00e9ho ji\u017e n\u011bkdy rozhodli, ale bylo jich velmi m\u00e1lo. U\u017e jen proto, pokud byste na n\u011bco takov\u00e9ho vsadili, byste m\u011bli jistotu, \u017ee budete rozhodn\u011b origin\u00e1ln\u00ed.\u00a0Opravdu je mo\u017en\u00e9 vymyslet celou \u0159adu v\u011bc\u00ed, kter\u00e9 se ponesou v\u00a0motork\u00e1\u0159sk\u00e9m duchu a kter\u00e9 z\u00a0dan\u00e9 svatby ud\u011blaj\u00ed p\u0159esn\u011b to, co si \u017eenich s\u00a0nev\u011bstou p\u0159edstavovali.\u00a0Pokud byste m\u011bli probl\u00e9m s\u00a0vym\u00fd\u0161len\u00edm toho, jak n\u011bkter\u00e9 v\u011bci ud\u011blat, m\u016f\u017eete si najmout n\u011bkoho, kdo v\u00e1m s\u00a0t\u00edm pom\u016f\u017ee. Ur\u010dit\u011b by se na\u0161el n\u011bkdo, kdo nebude m\u00edt probl\u00e9m b\u00fdt kreativn\u00ed a vymyslet pro v\u00e1s n\u011bco, co v\u00e1s zaujme.\u00a0Sta\u010d\u00ed jen neb\u00e1t se takov\u00e9ho experimentu, proto\u017ee se to m\u016f\u017ee vyplatit.                                                                                                                                                                                                                                                                                                                                                                                        4.2\/5 - (4 votes)        "},{"@context":"https:\/\/schema.org\/","@type":"BreadcrumbList","itemListElement":[{"@type":"ListItem","position":1,"name":"Motork\u00e1\u0159sk\u00e1 svatba","item":"https:\/\/www.kampra.cz\/motorkarska-svatba\/#breadcrumbitem"}]}]