[{"@context":"https:\/\/schema.org\/","@type":"Article","@id":"https:\/\/www.kampra.cz\/meli-jsme-vic-nez-jen-pocitac\/#Article","mainEntityOfPage":"https:\/\/www.kampra.cz\/meli-jsme-vic-nez-jen-pocitac\/","headline":"M\u011bli jsme v\u00edc ne\u017e jen po\u010d\u00edta\u010d","name":"M\u011bli jsme v\u00edc ne\u017e jen po\u010d\u00edta\u010d","description":"P\u0159i poslouch\u00e1n\u00ed dne\u0161n\u00edch d\u011bt\u00ed m\u00e1 \u010dlov\u011bk \u010dasto dojem, \u017ee ty u\u017e snad ani nemaj\u00ed jinou z\u00e1bavu ne\u017e hran\u00ed her na chytr\u00e9m telefonu nebo PC. Jak","datePublished":"2021-09-13","dateModified":"2021-09-13","author":{"@type":"Person","@id":"https:\/\/www.kampra.cz\/author\/devene\/#Person","name":"devene","url":"https:\/\/www.kampra.cz\/author\/devene\/","identifier":1,"image":{"@type":"ImageObject","@id":"https:\/\/secure.gravatar.com\/avatar\/e32c915fa5b274a4469e3ef5c1f9837e76577a60613858c5c8a74a3de98e33bc?s=96&d=mm&r=g","url":"https:\/\/secure.gravatar.com\/avatar\/e32c915fa5b274a4469e3ef5c1f9837e76577a60613858c5c8a74a3de98e33bc?s=96&d=mm&r=g","height":96,"width":96}},"publisher":{"@type":"Organization","name":"kampra.cz","logo":{"@type":"ImageObject","@id":"\/logo.png","url":"\/logo.png","width":600,"height":60}},"image":{"@type":"ImageObject","@id":"https:\/\/www.kampra.cz\/wp-content\/uploads\/%C4%8Dern%C3%BD%20po%C4%8D%C3%ADta%C4%8D.jpg","url":"https:\/\/www.kampra.cz\/wp-content\/uploads\/%C4%8Dern%C3%BD%20po%C4%8D%C3%ADta%C4%8D.jpg","height":0,"width":0},"url":"https:\/\/www.kampra.cz\/meli-jsme-vic-nez-jen-pocitac\/","about":["PC"],"wordCount":438,"articleBody":"P\u0159i poslouch\u00e1n\u00ed dne\u0161n\u00edch d\u011bt\u00ed m\u00e1 \u010dlov\u011bk \u010dasto dojem, \u017ee ty u\u017e snad ani nemaj\u00ed jinou z\u00e1bavu ne\u017e hran\u00ed her na chytr\u00e9m telefonu nebo PC. Jak za\u010dne ve \u0161kole p\u0159est\u00e1vka, vyt\u00e1hnou tu svoj\u00ed elektroniku a za\u010dnou na n\u00ed n\u011bco hr\u00e1t, kdy\u017e jdou dom\u016f, zapnou telefon hned, jak vyjdou za dve\u0159e. A kdy\u017e potom p\u0159ijdou dom\u016f, \u010dasto zasednou k\u00a0po\u010d\u00edta\u010di a pa\u0159\u00ed a pa\u0159\u00ed. J\u00edt ven? A pro\u010d? Hr\u00e1t si s\u00a0n\u011b\u010d\u00edm, co se nab\u00edz\u00ed kolem? Jak, kdy\u017e to nen\u00ed online? Bavit se s\u00a0kamar\u00e1dy z\u00a0o\u010d\u00ed do o\u010d\u00ed? K\u00a0\u010demu to, kdy\u017e se to d\u00e1 vy\u0159\u00eddit i chatov\u00e1n\u00edm? Zkr\u00e1tka n\u00e1m tu dor\u016fst\u00e1 po\u010d\u00edta\u010dov\u00e1 generace. Generace, kter\u00e1 toho v\u00ed mnohem m\u00ed\u0148 o bezprost\u0159edn\u00edm okol\u00ed a sou\u010dasn\u011b mnohem v\u00edc o n\u011b\u010dem vzd\u00e1len\u00e9m, co j\u00ed v\u00a0jej\u00edm v\u011bku snad ani nep\u0159\u00edslu\u0161\u00ed zn\u00e1t. Generace, kter\u00e1 dok\u00e1\u017ee trhat rekordy, ale jenom na monitoru nebo displeji, zat\u00edmco tloustne a je po\u0159\u00e1d m\u00ed\u0148 a m\u00ed\u0148 pohybliv\u00e1 a obratn\u00e1.Je to dob\u0159e nebo \u0161patn\u011b? Kdo na to dok\u00e1\u017ee odpov\u011bd\u011bt? Asi nikdo. Po\u010d\u00edta\u010de maj\u00ed pro ka\u017ed\u00e9ho p\u0159ece n\u011bco dobr\u00e9ho i n\u011bco \u0161patn\u00e9ho. A podle toho, jak je bereme, se utv\u00e1\u0159\u00ed i n\u00e1\u0161 n\u00e1zor na n\u011b.Ka\u017edop\u00e1dn\u011b se ale mus\u00edme sm\u00ed\u0159it s\u00a0jedn\u00edm. \u017de tu po\u010d\u00edta\u010de jsou a budou a budou stejn\u011b jako dnes i nad\u00e1le ovliv\u0148ovat ka\u017ed\u00e9ho. Proto\u017ee u\u017e se bez PC nedok\u00e1\u017eeme obej\u00edt. Ani kdybychom cht\u011bli. A kdy\u017e je to tak, mus\u00edme usilovat o to, abychom si brali od po\u010d\u00edta\u010d\u016f to dobr\u00e9 a nenechali si ubli\u017eovat t\u00edm \u0161patn\u00fdm.Ne\u017e se tedy usad\u00edme p\u0159ed po\u010d\u00edta\u010d, m\u011bli bychom se v\u017edycky v\u0161ichni zamyslet nad ka\u017ed\u00fdm krokem, kter\u00fd u n\u011bj ud\u011bl\u00e1me. Abychom si neu\u0161kodili, ale prosp\u011bli. Proto\u017ee u po\u010d\u00edta\u010d\u016f nesed\u00ed jenom dob\u0159\u00ed lid\u00e9. Jsou u nich i krimin\u00e1ln\u00edci, i \u00fachylov\u00e9, podvodn\u00edci a jim podobn\u00ed. Kter\u00e9 jsme kdysi mohli potkat jenom osobn\u011b. A kdy\u017e jsme je potkali, prokouknuli jsme je a rodi\u010de je od n\u00e1s zahnali. Kde\u017eto dnes je v\u011bt\u0161inou nepozn\u00e1me, dokud nen\u00ed pozd\u011b. Proto\u017ee jim po\u010d\u00edta\u010de d\u00e1vaj\u00ed anonymitu. A m\u016f\u017eou n\u00e1m b\u00fdt i sympati\u010dt\u00ed, dokud nen\u00ed pozd\u011b.                                                                                                                                                                                                                                                                                                                                                                                        4.6\/5 - (5 votes)        "},{"@context":"https:\/\/schema.org\/","@type":"BreadcrumbList","itemListElement":[{"@type":"ListItem","position":1,"name":"M\u011bli jsme v\u00edc ne\u017e jen po\u010d\u00edta\u010d","item":"https:\/\/www.kampra.cz\/meli-jsme-vic-nez-jen-pocitac\/#breadcrumbitem"}]}]