[{"@context":"https:\/\/schema.org\/","@type":"Article","@id":"https:\/\/www.kampra.cz\/kvalitni-nabytek-ktery-pomaha\/#Article","mainEntityOfPage":"https:\/\/www.kampra.cz\/kvalitni-nabytek-ktery-pomaha\/","headline":"Kvalitn\u00ed n\u00e1bytek, kter\u00fd pom\u00e1h\u00e1","name":"Kvalitn\u00ed n\u00e1bytek, kter\u00fd pom\u00e1h\u00e1","description":"Neuva\u0159\u00ed v\u00e1m k\u00e1vu, ani neuklid\u00ed byt. ale d\u00edky na\u0161\u00ed vestav\u011bn\u00e9 sk\u0159\u00edni z Prahy se v\u00e1m bude l\u00e9pe ukl\u00e1dat v\u0161e, co chcete m\u00edt srovnan\u00e9, po ruce","datePublished":"2025-08-31","dateModified":"2025-08-31","author":{"@type":"Person","@id":"https:\/\/www.kampra.cz\/author\/devene\/#Person","name":"devene","url":"https:\/\/www.kampra.cz\/author\/devene\/","identifier":1,"image":{"@type":"ImageObject","@id":"https:\/\/secure.gravatar.com\/avatar\/e32c915fa5b274a4469e3ef5c1f9837e76577a60613858c5c8a74a3de98e33bc?s=96&d=mm&r=g","url":"https:\/\/secure.gravatar.com\/avatar\/e32c915fa5b274a4469e3ef5c1f9837e76577a60613858c5c8a74a3de98e33bc?s=96&d=mm&r=g","height":96,"width":96}},"publisher":{"@type":"Organization","name":"kampra.cz","logo":{"@type":"ImageObject","@id":"\/logo.png","url":"\/logo.png","width":600,"height":60}},"url":"https:\/\/www.kampra.cz\/kvalitni-nabytek-ktery-pomaha\/","wordCount":235,"articleBody":"Neuva\u0159\u00ed v\u00e1m k\u00e1vu, ani neuklid\u00ed byt. ale d\u00edky na\u0161\u00ed vestav\u011bn\u00e9 sk\u0159\u00edni z Prahy se v\u00e1m bude l\u00e9pe ukl\u00e1dat v\u0161e, co chcete m\u00edt srovnan\u00e9, po ruce a schovan\u00e9 p\u0159ed zraky ostatn\u00edch. Ulo\u017ete p\u0159ehledn\u011b cokoliv budete cht\u00edt. Za skv\u011blou cenu v\u00e1m vyrob\u00edme na m\u00edru \u0161atnu s policemi, z\u00e1v\u011bsnou ty\u010d\u00ed a p\u0159\u00edpadn\u011b i \u0161upl\u00edky. M\u016f\u017eete m\u00edt i zrcadlo, a to v\u0161e za n\u011bkolik dn\u00ed a v r\u016fzn\u00fdch barv\u00e1ch. Pro d\u011bti m\u016f\u017eete vybrat veselej\u0161\u00ed barvy z na\u0161eho vzorn\u00edku, pro sebe t\u0159eba p\u0159\u00edrodn\u00ed dekor. Ka\u017ed\u00fd kousek se vyu\u017eije V\u011bt\u0161ina n\u00e1bytku, kter\u00fd dostanete v b\u011b\u017en\u00fdch \u0159et\u011bzc\u00edch, sice poskytne prostor pro va\u0161e v\u011bci, ale kv\u016fli rozd\u00edln\u00fdm tvar\u016fm a velikostem k sob\u011b nebudou pasovat. Vzniknou tak m\u00edsta, kde byste v\u011bci mohli skladovat, ale nem\u016f\u017eete, proto\u017ee se do nich nevejde ani police. S n\u00e1bytkem od n\u00e1s tomu tak nebude. Prohl\u00e9dn\u011bte si fotografie, a zjist\u00edte, \u017ee ka\u017ed\u00fd kus zabere v\u0161echno m\u00edsto tak, aby nikde nic nep\u0159eb\u00fdvalo, ani nechyb\u011blo. Proto skv\u011ble zapadne do ka\u017ed\u00e9ho interi\u00e9ru, a majitel\u00e9 budou moci skladovat v\u0161e na jednom m\u00edst\u011b.                                                                                                                                                                                                                                                                                                                                                                                                "},{"@context":"https:\/\/schema.org\/","@type":"BreadcrumbList","itemListElement":[{"@type":"ListItem","position":1,"name":"Kvalitn\u00ed n\u00e1bytek, kter\u00fd pom\u00e1h\u00e1","item":"https:\/\/www.kampra.cz\/kvalitni-nabytek-ktery-pomaha\/#breadcrumbitem"}]}]