[{"@context":"https:\/\/schema.org\/","@type":"Article","@id":"https:\/\/www.kampra.cz\/kdyz-je-treba-jet\/#Article","mainEntityOfPage":"https:\/\/www.kampra.cz\/kdyz-je-treba-jet\/","headline":"Kdy\u017e je t\u0159eba jet","name":"Kdy\u017e je t\u0159eba jet","description":"Ono se to \u0159ekne jednodu\u0161e, \u017ee ten, kdo po\u017eil alkohol, nesm\u00ed \u0159\u00eddit. Jen\u017ee kolik jenom m\u016f\u017ee nastat situac\u00ed, kdy \u010dlov\u011bk n\u011bco vypije a a\u017e pot\u00e9","datePublished":"2020-02-20","dateModified":"2020-02-20","author":{"@type":"Person","@id":"https:\/\/www.kampra.cz\/author\/devene\/#Person","name":"devene","url":"https:\/\/www.kampra.cz\/author\/devene\/","identifier":1,"image":{"@type":"ImageObject","@id":"https:\/\/secure.gravatar.com\/avatar\/e32c915fa5b274a4469e3ef5c1f9837e76577a60613858c5c8a74a3de98e33bc?s=96&d=mm&r=g","url":"https:\/\/secure.gravatar.com\/avatar\/e32c915fa5b274a4469e3ef5c1f9837e76577a60613858c5c8a74a3de98e33bc?s=96&d=mm&r=g","height":96,"width":96}},"publisher":{"@type":"Organization","name":"kampra.cz","logo":{"@type":"ImageObject","@id":"\/logo.png","url":"\/logo.png","width":600,"height":60}},"image":{"@type":"ImageObject","@id":"https:\/\/www.kampra.cz\/wp-content\/uploads\/img_a375152_w1791_t1586948662.jpg","url":"https:\/\/www.kampra.cz\/wp-content\/uploads\/img_a375152_w1791_t1586948662.jpg","height":0,"width":0},"url":"https:\/\/www.kampra.cz\/kdyz-je-treba-jet\/","about":["Byznys"],"wordCount":425,"articleBody":" Ono se to \u0159ekne jednodu\u0161e, \u017ee ten, kdo po\u017eil alkohol, nesm\u00ed \u0159\u00eddit. Jen\u017ee kolik jenom m\u016f\u017ee nastat situac\u00ed, kdy \u010dlov\u011bk n\u011bco vypije a a\u017e pot\u00e9 si uv\u011bdom\u00ed, \u017ee tak vlastn\u011b \u010dinit nem\u011bl, \u017ee ho je\u0161t\u011b \u010dek\u00e1 n\u011bjak\u00e1 neodkladn\u00e1 j\u00edzda! A co pak? Pak u\u017e by to m\u011blo b\u00fdt jasn\u00e9. A\u0165 u\u017e m\u00e1 doty\u010dn\u00fd jak\u00e9koliv d\u016fvody, m\u011bl by na j\u00edzdu sv\u00fdm vozem a\u017e do naprost\u00e9ho vyst\u0159\u00edzliv\u011bn\u00ed zapomenout. Odporuje to p\u0159ece z\u00e1konu, tak\u017ee kdyby ho p\u0159i j\u00edzd\u011b pod vlivem p\u0159istihli, nedopadlo by to dob\u0159e. A kdyby do\u0161lo k n\u011bjak\u00e9 nehod\u011b, dopadlo by to je\u0161t\u011b h\u016f\u0159. Jen\u017ee ono je n\u011bkdy skute\u010dn\u011b t\u0159eba odjet. A to sv\u00fdm vozem a nikoliv ve\u0159ejnou hromadnou dopravou, tax\u00edkem nebo jin\u00fdm alternativn\u00edm zp\u016fsobem. T\u0159eba proto, \u017ee bude automobilu zanedlouho zapot\u0159eb\u00ed jinde a nebylo by mo\u017en\u00e9 si ho tu v\u010das zase vyzvednout. A te\u010f babo ra\u010f! A proto\u017ee baba neporad\u00ed, jsem tu s dobrou radou j\u00e1. Doty\u010dn\u00fd by se m\u011bl sv\u00e9zt dom\u016f sv\u00fdm vlastn\u00edm autem, ale za volant by v \u017e\u00e1dn\u00e9m p\u0159\u00edpad\u011b usednout nem\u011bl. M\u011bl by si na to coby rozumn\u00fd jedinec zavolat odvoz vozu Convoy. Pr\u00e1v\u011b tato firma se na podobn\u00e9 situace specializuje. Tedy zam\u011bstn\u00e1v\u00e1 \u0159idi\u010de, jejich\u017e posl\u00e1n\u00edm je rozv\u00e1\u017eet podnapil\u00e9 lidi jejich vlastn\u00edmi vozy tam, kam je pot\u0159eba. Sta\u010d\u00ed si tu zatelefonovat na dispe\u010dink a onomu podnapil\u00e9mu \u010dlov\u011bku po\u0161lou firemn\u00ed auto se dv\u011bma \u0159idi\u010di. Z nich\u017e jeden odveze klienta jeho vozem tam, kam je t\u0159eba, a ten druh\u00fd se postar\u00e1 posl\u00e9ze o vyzvednut\u00ed a odvezen\u00ed jeho kolegy. D\u00edky t\u00e9to slu\u017eb\u011b se ka\u017ed\u00fd dostane i se sv\u00fdm autem tam, kam se pot\u0159ebuje dostat, i kdyby toho vypil sebev\u00edc. A p\u0159itom naprosto bezpe\u010dn\u011b a bez sebemen\u0161\u00edch probl\u00e9m\u016f. Nezp\u016fsob\u00ed \u017e\u00e1dnou nehodu, nedojde k \u017e\u00e1dn\u00fdm \u0161kod\u00e1m, nikdo nebude ohro\u017een. A to se na t\u00e9to poskytovan\u00e9 slu\u017eb\u011b mus\u00ed ocenit p\u0159edev\u0161\u00edm. Proto\u017ee u\u017e sotva n\u011bkdo n\u011bkdy spo\u010d\u00edt\u00e1, kolika ne\u0161t\u011bst\u00edm tito profesion\u00e1ln\u00ed \u0159idi\u010di p\u0159ede\u0161li. A kdo v\u00ed, kolika je\u0161t\u011b p\u0159edejdou. T\u00edm, \u017ee odvezou ty, kdo nap\u0159ed pij\u00ed a a\u017e potom p\u0159em\u00fd\u0161lej\u00ed.                                                                                                                                                                                                                                                                                                                                                                                                 "},{"@context":"https:\/\/schema.org\/","@type":"BreadcrumbList","itemListElement":[{"@type":"ListItem","position":1,"name":"Kdy\u017e je t\u0159eba jet","item":"https:\/\/www.kampra.cz\/kdyz-je-treba-jet\/#breadcrumbitem"}]}]